{"id":12187,"date":"2017-08-22T15:55:06","date_gmt":"2017-08-22T13:55:06","guid":{"rendered":"https:\/\/ueber.springest.de\/?p=12187"},"modified":"2020-11-25T13:24:37","modified_gmt":"2020-11-25T13:24:37","slug":"springest-deutschland-nimmt-an-global-mobile-vision-gmv-konferenz-in-suedkorea-teil","status":"publish","type":"post","link":"https:\/\/springest.com\/de\/blog\/springest-deutschland-nimmt-an-global-mobile-vision-gmv-konferenz-in-suedkorea-teil\/","title":{"rendered":"Springest Deutschland nimmt an Global Mobile Vision (GMV) Konferenz in S\u00fcdkorea teil"},"content":{"rendered":"<h2><span style=\"font-weight: 400\">Springest wurde als einziges deutsches Startup von der Korean Trade-Investment Promotion Agency (KOTRA) zu der GMV Konferenz 2017 im September eingeladen, um deutsche Startups zu repr\u00e4sentieren und koreanische und internationale Firmen zu treffen.<\/span><\/h2>\n<p><span style=\"font-weight: 400\">Die GMV Konferenz findet vom 13.9. Bis zum 15.9. in Seoul statt. Springest Deutschland wird an der Konferenz teilnehmen und die M\u00f6glichkeit nutzen, sich mit anderen Unternehmen und Startups auszutauschen und neue Partnerschaften zu kn\u00fcpfen.<\/span><\/p>\n<p><!--more--><\/p>\n<p><span style=\"font-weight: 400\">Gastgeber sind die Korean Ministry of Trade, Industry and Energy und die Korean Ministry of Science, ICT and Future Planning und die Konferenz wird von KOTRA und KINTEX organisiert.<\/span><\/p>\n<p><span style=\"font-weight: 400\">Springest Deutschland wird die Gelegenheit nutzen, neue Kontakte herzustellen und anderen Firmen vom Selbstmanagement-System Holacracy zu erz\u00e4hlen. Springest arbeitet seit 5 Jahren mit Holacracy und war das erste Unternehmen in den Niederlanden, dass diese Unternehmensstruktur eingef\u00fchrt hat.<\/span><\/p>\n<p><span style=\"font-weight: 400\">In den Niederlanden und in Deutschland nutzt Springest Holacracy, um sich schnell zu entwickeln und voran zukommen. Springest lehrt regelm\u00e4\u00dfig andere Unternehmen und Interessenten im Umgang mit Holacracy. Auch in Korea m\u00f6chte Springest Holacracy repr\u00e4sentieren und es anderen Unternehmen vorstellen.<\/span><\/p>\n<p><span style=\"font-weight: 400\">Wenn Sie mehr wissen m\u00f6chten, dann schreiben Sie uns an matthias@springest.com oder rufen Sie uns unter der Nummer 030 3080 6704 an.<\/span><br \/>\n&#8212;&#8212;&#8212;&#8212;&#8212;&#8212;&#8212;&#8212;&#8212;&#8212;&#8212;&#8212;&#8212;&#8212;&#8212;&#8212;&#8212;&#8212;&#8212;&#8212;&#8212;&#8212;&#8212;&#8212;&#8212;&#8212;&#8212;&#8212;&#8212;&#8212;&#8212;&#8212;&#8212;&#8212;&#8212;&#8212;&#8212;&#8212;&#8212;&#8212;&#8212;&#8212;&#8212;&#8212;&#8212;&#8212;&#8212;&#8212;&#8212;&#8212;&#8212;&#8211;<\/p>\n<h1><span style=\"font-weight: 400\">Springest Germany takes part in Global Mobile Vision (GMV) conference in South Korea<\/span><\/h1>\n<h2><span style=\"font-weight: 400\">Springest was selected by the Korean Trade-Investment Promotion Agency (KOTRA) as the only German start-up to attend the GMV conference in September 2017. Springest will represent German start-ups and meet korean and international businesses.<\/span><\/h2>\n<p><span style=\"font-weight: 400\">The GMV conference takes place from the 13\/9 until the 15\/9 in Seoul. Springest Germany will attend the conference and use this opportunity to exchange ideas with other start-ups and businesses, and to lay the ground for new partnerships.<\/span><\/p>\n<p><span style=\"font-weight: 400\">The Korean Ministry of Trade, Industry and Energy and the Korean Ministry of Science, ICT and Future Planning are hosting the conference. It is organised by KOTRA and KINTEX.<\/span><\/p>\n<p><span style=\"font-weight: 400\">Springest Germany will use this opportunity to create new contacts and also to talk about the self-management system holacracy. Springest uses holacracy since five years in the Netherland and, in fact, was the first business in the Netherlands to introduce it as a firm-structure. <\/span><\/p>\n<p><span style=\"font-weight: 400\">Springest uses holacracy to develop fast and reach its goals. Springest teaches other businesses and individuals on a regular basis about holacracy and will also do so during the conference in Seoul.<\/span><\/p>\n<p><span style=\"font-weight: 400\">To find out more, please email us to <\/span><a href=\"mailto:matthias@springest.com\"><span style=\"font-weight: 400\">matthias@springest.com<\/span><\/a><span style=\"font-weight: 400\"> or call us on 030 3080 6704.<\/span><\/p>\n<p>&nbsp;<\/p>\n","protected":false},"excerpt":{"rendered":"<p>Springest wurde als einziges deutsches Startup von der Korean Trade-Investment Promotion Agency (KOTRA) zu der GMV Konferenz 2017 im September eingeladen, um deutsche Startups zu repr\u00e4sentieren und koreanische und internationale Firmen zu treffen. Die GMV Konferenz findet vom 13.9. Bis zum 15.9. in Seoul statt. Springest Deutschland wird an der Konferenz teilnehmen und die M\u00f6glichkeit [&hellip;]<\/p>\n","protected":false},"author":34,"featured_media":12816,"comment_status":"open","ping_status":"open","sticky":false,"template":"","format":"standard","meta":{"content-type":""},"categories":[6],"tags":[],"acf":[],"yoast_head":"<!-- This site is optimized with the Yoast SEO plugin v21.2 - https:\/\/yoast.com\/wordpress\/plugins\/seo\/ -->\n<title>Springest Deutschland nimmt an Global Mobile Vision (GMV) Konferenz in S\u00fcdkorea teil - Springest DE - Overview<\/title>\n<meta name=\"robots\" content=\"index, follow, max-snippet:-1, max-image-preview:large, max-video-preview:-1\" \/>\n<link rel=\"canonical\" href=\"https:\/\/springest.com\/de\/blog\/springest-deutschland-nimmt-an-global-mobile-vision-gmv-konferenz-in-suedkorea-teil\/\" \/>\n<meta property=\"og:locale\" content=\"de_DE\" \/>\n<meta property=\"og:type\" content=\"article\" \/>\n<meta property=\"og:title\" content=\"Springest Deutschland nimmt an Global Mobile Vision (GMV) Konferenz in S\u00fcdkorea teil - Springest DE - Overview\" \/>\n<meta property=\"og:description\" content=\"Springest wurde als einziges deutsches Startup von der Korean Trade-Investment Promotion Agency (KOTRA) zu der GMV Konferenz 2017 im September eingeladen, um deutsche Startups zu repr\u00e4sentieren und koreanische und internationale Firmen zu treffen. Die GMV Konferenz findet vom 13.9. Bis zum 15.9. in Seoul statt. Springest Deutschland wird an der Konferenz teilnehmen und die M\u00f6glichkeit [&hellip;]\" \/>\n<meta property=\"og:url\" content=\"https:\/\/springest.com\/de\/blog\/springest-deutschland-nimmt-an-global-mobile-vision-gmv-konferenz-in-suedkorea-teil\/\" \/>\n<meta property=\"og:site_name\" content=\"Springest DE - Overview\" \/>\n<meta property=\"article:published_time\" content=\"2017-08-22T13:55:06+00:00\" \/>\n<meta property=\"article:modified_time\" content=\"2020-11-25T13:24:37+00:00\" \/>\n<meta property=\"og:image\" content=\"https:\/\/springest.com\/content\/uploads\/sites\/11\/2017\/08\/zuid-korea.png\" \/>\n\t<meta property=\"og:image:width\" content=\"566\" \/>\n\t<meta property=\"og:image:height\" content=\"403\" \/>\n\t<meta property=\"og:image:type\" content=\"image\/png\" \/>\n<meta name=\"author\" content=\"jolien\" \/>\n<meta name=\"twitter:card\" content=\"summary_large_image\" \/>\n<meta name=\"twitter:label1\" content=\"Written by\" \/>\n\t<meta name=\"twitter:data1\" content=\"jolien\" \/>\n\t<meta name=\"twitter:label2\" content=\"Est. reading time\" \/>\n\t<meta name=\"twitter:data2\" content=\"2 Minuten\" \/>\n<script type=\"application\/ld+json\" class=\"yoast-schema-graph\">{\"@context\":\"https:\/\/schema.org\",\"@graph\":[{\"@type\":\"WebPage\",\"@id\":\"https:\/\/springest.com\/de\/blog\/springest-deutschland-nimmt-an-global-mobile-vision-gmv-konferenz-in-suedkorea-teil\/\",\"url\":\"https:\/\/springest.com\/de\/blog\/springest-deutschland-nimmt-an-global-mobile-vision-gmv-konferenz-in-suedkorea-teil\/\",\"name\":\"Springest Deutschland nimmt an Global Mobile Vision (GMV) Konferenz in S\u00fcdkorea teil - Springest DE - Overview\",\"isPartOf\":{\"@id\":\"https:\/\/springest.com\/de\/#website\"},\"datePublished\":\"2017-08-22T13:55:06+00:00\",\"dateModified\":\"2020-11-25T13:24:37+00:00\",\"author\":{\"@id\":\"https:\/\/springest.com\/de\/#\/schema\/person\/dff7f37f7e1b6e4e52ceff734ed25b92\"},\"breadcrumb\":{\"@id\":\"https:\/\/springest.com\/de\/blog\/springest-deutschland-nimmt-an-global-mobile-vision-gmv-konferenz-in-suedkorea-teil\/#breadcrumb\"},\"inLanguage\":\"de-DE\",\"potentialAction\":[{\"@type\":\"ReadAction\",\"target\":[\"https:\/\/springest.com\/de\/blog\/springest-deutschland-nimmt-an-global-mobile-vision-gmv-konferenz-in-suedkorea-teil\/\"]}]},{\"@type\":\"BreadcrumbList\",\"@id\":\"https:\/\/springest.com\/de\/blog\/springest-deutschland-nimmt-an-global-mobile-vision-gmv-konferenz-in-suedkorea-teil\/#breadcrumb\",\"itemListElement\":[{\"@type\":\"ListItem\",\"position\":1,\"name\":\"Home\",\"item\":\"https:\/\/springest.com\/de\/\"},{\"@type\":\"ListItem\",\"position\":2,\"name\":\"Springest Deutschland nimmt an Global Mobile Vision (GMV) Konferenz in S\u00fcdkorea teil\"}]},{\"@type\":\"WebSite\",\"@id\":\"https:\/\/springest.com\/de\/#website\",\"url\":\"https:\/\/springest.com\/de\/\",\"name\":\"Springest DE - Overview\",\"description\":\"\",\"potentialAction\":[{\"@type\":\"SearchAction\",\"target\":{\"@type\":\"EntryPoint\",\"urlTemplate\":\"https:\/\/springest.com\/de\/?s={search_term_string}\"},\"query-input\":\"required name=search_term_string\"}],\"inLanguage\":\"de-DE\"},{\"@type\":\"Person\",\"@id\":\"https:\/\/springest.com\/de\/#\/schema\/person\/dff7f37f7e1b6e4e52ceff734ed25b92\",\"name\":\"jolien\",\"image\":{\"@type\":\"ImageObject\",\"inLanguage\":\"de-DE\",\"@id\":\"https:\/\/springest.com\/de\/#\/schema\/person\/image\/\",\"url\":\"https:\/\/secure.gravatar.com\/avatar\/8742b842c8f7e479d1713100cbe2f877?s=96&d=mm&r=g\",\"contentUrl\":\"https:\/\/secure.gravatar.com\/avatar\/8742b842c8f7e479d1713100cbe2f877?s=96&d=mm&r=g\",\"caption\":\"jolien\"},\"url\":\"https:\/\/springest.com\/de\/blog\/author\/jolien\/\"}]}<\/script>\n<!-- \/ Yoast SEO plugin. -->","yoast_head_json":{"title":"Springest Deutschland nimmt an Global Mobile Vision (GMV) Konferenz in S\u00fcdkorea teil - Springest DE - Overview","robots":{"index":"index","follow":"follow","max-snippet":"max-snippet:-1","max-image-preview":"max-image-preview:large","max-video-preview":"max-video-preview:-1"},"canonical":"https:\/\/springest.com\/de\/blog\/springest-deutschland-nimmt-an-global-mobile-vision-gmv-konferenz-in-suedkorea-teil\/","og_locale":"de_DE","og_type":"article","og_title":"Springest Deutschland nimmt an Global Mobile Vision (GMV) Konferenz in S\u00fcdkorea teil - Springest DE - Overview","og_description":"Springest wurde als einziges deutsches Startup von der Korean Trade-Investment Promotion Agency (KOTRA) zu der GMV Konferenz 2017 im September eingeladen, um deutsche Startups zu repr\u00e4sentieren und koreanische und internationale Firmen zu treffen. Die GMV Konferenz findet vom 13.9. Bis zum 15.9. in Seoul statt. Springest Deutschland wird an der Konferenz teilnehmen und die M\u00f6glichkeit [&hellip;]","og_url":"https:\/\/springest.com\/de\/blog\/springest-deutschland-nimmt-an-global-mobile-vision-gmv-konferenz-in-suedkorea-teil\/","og_site_name":"Springest DE - Overview","article_published_time":"2017-08-22T13:55:06+00:00","article_modified_time":"2020-11-25T13:24:37+00:00","og_image":[{"width":566,"height":403,"url":"https:\/\/springest.com\/content\/uploads\/sites\/11\/2017\/08\/zuid-korea.png","type":"image\/png"}],"author":"jolien","twitter_card":"summary_large_image","twitter_misc":{"Written by":"jolien","Est. reading time":"2 Minuten"},"schema":{"@context":"https:\/\/schema.org","@graph":[{"@type":"WebPage","@id":"https:\/\/springest.com\/de\/blog\/springest-deutschland-nimmt-an-global-mobile-vision-gmv-konferenz-in-suedkorea-teil\/","url":"https:\/\/springest.com\/de\/blog\/springest-deutschland-nimmt-an-global-mobile-vision-gmv-konferenz-in-suedkorea-teil\/","name":"Springest Deutschland nimmt an Global Mobile Vision (GMV) Konferenz in S\u00fcdkorea teil - Springest DE - Overview","isPartOf":{"@id":"https:\/\/springest.com\/de\/#website"},"datePublished":"2017-08-22T13:55:06+00:00","dateModified":"2020-11-25T13:24:37+00:00","author":{"@id":"https:\/\/springest.com\/de\/#\/schema\/person\/dff7f37f7e1b6e4e52ceff734ed25b92"},"breadcrumb":{"@id":"https:\/\/springest.com\/de\/blog\/springest-deutschland-nimmt-an-global-mobile-vision-gmv-konferenz-in-suedkorea-teil\/#breadcrumb"},"inLanguage":"de-DE","potentialAction":[{"@type":"ReadAction","target":["https:\/\/springest.com\/de\/blog\/springest-deutschland-nimmt-an-global-mobile-vision-gmv-konferenz-in-suedkorea-teil\/"]}]},{"@type":"BreadcrumbList","@id":"https:\/\/springest.com\/de\/blog\/springest-deutschland-nimmt-an-global-mobile-vision-gmv-konferenz-in-suedkorea-teil\/#breadcrumb","itemListElement":[{"@type":"ListItem","position":1,"name":"Home","item":"https:\/\/springest.com\/de\/"},{"@type":"ListItem","position":2,"name":"Springest Deutschland nimmt an Global Mobile Vision (GMV) Konferenz in S\u00fcdkorea teil"}]},{"@type":"WebSite","@id":"https:\/\/springest.com\/de\/#website","url":"https:\/\/springest.com\/de\/","name":"Springest DE - Overview","description":"","potentialAction":[{"@type":"SearchAction","target":{"@type":"EntryPoint","urlTemplate":"https:\/\/springest.com\/de\/?s={search_term_string}"},"query-input":"required name=search_term_string"}],"inLanguage":"de-DE"},{"@type":"Person","@id":"https:\/\/springest.com\/de\/#\/schema\/person\/dff7f37f7e1b6e4e52ceff734ed25b92","name":"jolien","image":{"@type":"ImageObject","inLanguage":"de-DE","@id":"https:\/\/springest.com\/de\/#\/schema\/person\/image\/","url":"https:\/\/secure.gravatar.com\/avatar\/8742b842c8f7e479d1713100cbe2f877?s=96&d=mm&r=g","contentUrl":"https:\/\/secure.gravatar.com\/avatar\/8742b842c8f7e479d1713100cbe2f877?s=96&d=mm&r=g","caption":"jolien"},"url":"https:\/\/springest.com\/de\/blog\/author\/jolien\/"}]}},"_links":{"self":[{"href":"https:\/\/springest.com\/de\/wp\/wp-json\/wp\/v2\/posts\/12187"}],"collection":[{"href":"https:\/\/springest.com\/de\/wp\/wp-json\/wp\/v2\/posts"}],"about":[{"href":"https:\/\/springest.com\/de\/wp\/wp-json\/wp\/v2\/types\/post"}],"author":[{"embeddable":true,"href":"https:\/\/springest.com\/de\/wp\/wp-json\/wp\/v2\/users\/34"}],"replies":[{"embeddable":true,"href":"https:\/\/springest.com\/de\/wp\/wp-json\/wp\/v2\/comments?post=12187"}],"version-history":[{"count":1,"href":"https:\/\/springest.com\/de\/wp\/wp-json\/wp\/v2\/posts\/12187\/revisions"}],"predecessor-version":[{"id":12817,"href":"https:\/\/springest.com\/de\/wp\/wp-json\/wp\/v2\/posts\/12187\/revisions\/12817"}],"wp:featuredmedia":[{"embeddable":true,"href":"https:\/\/springest.com\/de\/wp\/wp-json\/wp\/v2\/media\/12816"}],"wp:attachment":[{"href":"https:\/\/springest.com\/de\/wp\/wp-json\/wp\/v2\/media?parent=12187"}],"wp:term":[{"taxonomy":"category","embeddable":true,"href":"https:\/\/springest.com\/de\/wp\/wp-json\/wp\/v2\/categories?post=12187"},{"taxonomy":"post_tag","embeddable":true,"href":"https:\/\/springest.com\/de\/wp\/wp-json\/wp\/v2\/tags?post=12187"}],"curies":[{"name":"wp","href":"https:\/\/api.w.org\/{rel}","templated":true}]}}